{"id":348,"date":"2025-01-07T08:39:23","date_gmt":"2025-01-07T07:39:23","guid":{"rendered":"https:\/\/jestesmyslaskiem.pl\/?p=348"},"modified":"2025-01-07T13:33:05","modified_gmt":"2025-01-07T12:33:05","slug":"koncert-choru-cantate-deo","status":"publish","type":"post","link":"https:\/\/jestesmyslaskiem.pl\/?p=348","title":{"rendered":"Koncert Ch\u00f3ru Cantate Deo"},"content":{"rendered":"\n<p><strong>Zapraszamy na niezwyk\u0142y koncert kol\u0119dowy w Cielmicach!<\/strong> \ud83c\udfb6<\/p>\n\n\n\n<p>Stowarzyszenie <em>Jeste\u015bmy \u015al\u0105skiem<\/em> serdecznie zaprasza na koncert kol\u0119d w wykonaniu ch\u00f3ru <strong>Cantate Deo<\/strong>, kt\u00f3ry odb\u0119dzie si\u0119 w niedziel\u0119, <strong>12 stycznia o godzinie 17:00<\/strong> w ko\u015bciele pw. Narodzenia \u015bw. Jana Chrzciciela w Cielmicach (Targiela 145, Tychy).<\/p>\n\n\n\n<p>To wyj\u0105tkowa okazja, by wsp\u00f3lnie zanurzy\u0107 si\u0119 w atmosferze \u015bwi\u0105t i poczu\u0107 magi\u0119 wsp\u00f3lnego kol\u0119dowania! W repertuarze znajd\u0105 si\u0119 dobrze znane kol\u0119dy, kt\u00f3re b\u0119dziecie mogli za\u015bpiewa\u0107 razem z ch\u00f3rem. Koncert poprowadzi dyrygent <strong>Micha\u0142 Bro\u017cek<\/strong>, a ca\u0142e wydarzenie potrwa oko\u0142o godziny.<\/p>\n\n\n\n<p>\u2728 Dla komfortu uczestnik\u00f3w i dzi\u0119ki uprzejmo\u015bci ksi\u0119dza Proboszcza koncert odb\u0119dzie si\u0119 w ogrzewanym wn\u0119trzu ko\u015bcio\u0142a, dzi\u0119ki czemu w ciep\u0142ej i przytulnej atmosferze b\u0119dziemy mogli cieszy\u0107 si\u0119 tym pi\u0119knym czasem.<\/p>\n\n\n\n<p>\ud83c\udf84 Przyjd\u017acie, pos\u0142uchajcie i do\u0142\u0105czcie do wsp\u00f3lnego \u015bpiewania! \ud83c\udf84<\/p>\n\n\n\n<p>Zapraszamy ca\u0142e rodziny i przyjaci\u00f3\u0142 \u2013 niech \u015bwi\u0105teczne d\u017awi\u0119ki po\u0142\u0105cz\u0105 nasze serca.<\/p>\n\n\n\n<p><strong>Wst\u0119p wolny!<\/strong> Do zobaczenia w Cielmicach! \ud83c\udf1f<\/p>\n\n\n\n<hr class=\"wp-block-separator has-alpha-channel-opacity\"\/>\n\n\n\n<figure class=\"wp-block-image size-large\"><img fetchpriority=\"high\" decoding=\"async\" width=\"1024\" height=\"576\" src=\"https:\/\/jestesmyslaskiem.pl\/wp-content\/uploads\/2025\/01\/472709672_1176444511151250_4504384764368835051_n-1024x576.jpg\" alt=\"\" class=\"wp-image-349\" srcset=\"https:\/\/jestesmyslaskiem.pl\/wp-content\/uploads\/2025\/01\/472709672_1176444511151250_4504384764368835051_n-1024x576.jpg 1024w, https:\/\/jestesmyslaskiem.pl\/wp-content\/uploads\/2025\/01\/472709672_1176444511151250_4504384764368835051_n-300x169.jpg 300w, https:\/\/jestesmyslaskiem.pl\/wp-content\/uploads\/2025\/01\/472709672_1176444511151250_4504384764368835051_n-768x432.jpg 768w, https:\/\/jestesmyslaskiem.pl\/wp-content\/uploads\/2025\/01\/472709672_1176444511151250_4504384764368835051_n-1536x864.jpg 1536w, https:\/\/jestesmyslaskiem.pl\/wp-content\/uploads\/2025\/01\/472709672_1176444511151250_4504384764368835051_n.jpg 2048w\" sizes=\"(max-width: 1024px) 100vw, 1024px\" \/><\/figure>\n\n\n\n<p>Ch\u00f3r <strong>Cantate Deo<\/strong> to zesp\u00f3\u0142 pe\u0142en pasji, kt\u00f3ry od lat zachwyca swoim \u015bpiewem nie tylko na \u015al\u0105sku, ale i poza jego granicami. Z\u0142o\u017cony z utalentowanych wokalist\u00f3w w r\u00f3\u017cnym wieku, ch\u00f3r nieustannie d\u0105\u017cy do doskona\u0142o\u015bci artystycznej, \u0142\u0105cz\u0105c tradycj\u0119 z nowoczesno\u015bci\u0105.<\/p>\n\n\n\n<p>Pod batut\u0105 dyrygenta <strong>Micha\u0142a Bro\u017cka<\/strong>, ch\u00f3r wykonuje r\u00f3\u017cnorodny repertuar \u2013 od muzyki sakralnej, przez klasyczne utwory ch\u00f3ralne, a\u017c po znane i lubiane kol\u0119dy, kt\u00f3re poruszaj\u0105 serca s\u0142uchaczy. Dzi\u0119ki bogatemu do\u015bwiadczeniu oraz ogromnemu zaanga\u017cowaniu, ka\u017cdy koncert Cantate Deo staje si\u0119 niezapomnianym prze\u017cyciem, pe\u0142nym emocji i pi\u0119kna.<\/p>\n\n\n\n<p>To w\u0142a\u015bnie ten ch\u00f3r, kt\u00f3ry swoj\u0105 nazw\u0105 \u201e\u015apiewajcie Bogu\u201d oddaje cel swojej dzia\u0142alno\u015bci, b\u0119dzie towarzyszy\u0107 nam podczas koncertu w Cielmicach, wprowadzaj\u0105c w niezwyk\u0142y nastr\u00f3j i zach\u0119caj\u0105c do wsp\u00f3lnego kol\u0119dowania.<\/p>\n\n\n\n<p>Serdecznie zapraszamy, aby pozna\u0107 ich wyj\u0105tkowe brzmienie i razem z nimi celebrowa\u0107 \u015bwi\u0105teczny czas! \ud83c\udf84<\/p>\n\n\n\n<hr class=\"wp-block-separator has-alpha-channel-opacity\"\/>\n\n\n\n<p><\/p>\n\n\n\n<p>\ud83c\udfb6 <strong>Do\u0142\u0105cz do wsp\u00f3lnego kol\u0119dowania!<\/strong> \ud83c\udfb6<\/p>\n\n\n\n<p>Zapro\u015b swoich znajomych i rodzin\u0119, aby razem z nami poczu\u0107 magi\u0119 \u015bwi\u0105tecznego czasu \ud83c\udf1f<\/p>\n\n\n\n<p><a href=\"https:\/\/www.facebook.com\/events\/522192240842354\/?active_tab=discussion\">https:\/\/www.facebook.com\/events\/522192240842354\/?active_tab=discussion<\/a><\/p>\n\n\n\n<p>Nie zapomnij tak\u017ce polubi\u0107 <strong>profilu naszego stowarzyszenia<\/strong> \u201eJeste\u015bmy \u015al\u0105skiem\u201d na Facebooku, aby by\u0107 na bie\u017c\u0105co z informacjami o organizowanych przez nas wydarzeniach. Dzi\u0119ki temu \u017cadne koncerty, warsztaty czy inne inicjatywy kulturalne nie umkn\u0105 Twojej uwadze!<\/p>\n\n\n\n<p>Do zobaczenia na koncercie! \ud83c\udf84\ud83c\udfb5<\/p>\n\n\n\n<p>Wsp\u00f3\u0142organizatorami wydarzenia s\u0105 Parafia Narodzenia \u015bwi\u0119tego Jana Chrzciciela w Cielmicach i <strong><a href=\"https:\/\/cielmice.pl\">cielmice.pl | wie\u015b wyj\u0105tkowa<\/a><\/strong><\/p>\n\n\n\n<p>Plakat do wykorzystnia.<\/p>\n\n\n\n<figure class=\"wp-block-image size-large\"><img decoding=\"async\" width=\"722\" height=\"1024\" src=\"https:\/\/jestesmyslaskiem.pl\/wp-content\/uploads\/2025\/01\/Koncert-Cantate-Deo-12-stycznia-1700-722x1024.png\" alt=\"\" class=\"wp-image-354\" srcset=\"https:\/\/jestesmyslaskiem.pl\/wp-content\/uploads\/2025\/01\/Koncert-Cantate-Deo-12-stycznia-1700-722x1024.png 722w, https:\/\/jestesmyslaskiem.pl\/wp-content\/uploads\/2025\/01\/Koncert-Cantate-Deo-12-stycznia-1700-211x300.png 211w, https:\/\/jestesmyslaskiem.pl\/wp-content\/uploads\/2025\/01\/Koncert-Cantate-Deo-12-stycznia-1700-768x1090.png 768w, https:\/\/jestesmyslaskiem.pl\/wp-content\/uploads\/2025\/01\/Koncert-Cantate-Deo-12-stycznia-1700-1083x1536.png 1083w, https:\/\/jestesmyslaskiem.pl\/wp-content\/uploads\/2025\/01\/Koncert-Cantate-Deo-12-stycznia-1700-1443x2048.png 1443w, https:\/\/jestesmyslaskiem.pl\/wp-content\/uploads\/2025\/01\/Koncert-Cantate-Deo-12-stycznia-1700.png 1466w\" sizes=\"(max-width: 722px) 100vw, 722px\" \/><\/figure>\n","protected":false},"excerpt":{"rendered":"<p>Zapraszamy na niezwyk\u0142y koncert kol\u0119dowy w Cielmicach! \ud83c\udfb6 Stowarzyszenie Jeste\u015bmy \u015al\u0105skiem serdecznie zaprasza na koncert kol\u0119d w wykonaniu ch\u00f3ru Cantate Deo, kt\u00f3ry odb\u0119dzie si\u0119 w niedziel\u0119, 12 stycznia o godzinie 17:00 w ko\u015bciele pw. Narodzenia \u015bw. Jana Chrzciciela w Cielmicach (Targiela 145, Tychy). To wyj\u0105tkowa okazja, by wsp\u00f3lnie zanurzy\u0107 si\u0119 w atmosferze \u015bwi\u0105t i poczu\u0107&#8230;<\/p>\n","protected":false},"author":1,"featured_media":350,"comment_status":"closed","ping_status":"open","sticky":false,"template":"","format":"standard","meta":{"_monsterinsights_skip_tracking":false,"_monsterinsights_sitenote_active":false,"_monsterinsights_sitenote_note":"","_monsterinsights_sitenote_category":0,"_uf_show_specific_survey":0,"_uf_disable_surveys":false,"_kad_post_transparent":"","_kad_post_title":"","_kad_post_layout":"","_kad_post_sidebar_id":"","_kad_post_content_style":"","_kad_post_vertical_padding":"","_kad_post_feature":"","_kad_post_feature_position":"","_kad_post_header":false,"_kad_post_footer":false,"footnotes":""},"categories":[17,4],"tags":[],"class_list":["post-348","post","type-post","status-publish","format-standard","has-post-thumbnail","hentry","category-kultura","category-wydarzenia"],"yoast_head":"<!-- This site is optimized with the Yoast SEO plugin v27.5 - https:\/\/yoast.com\/product\/yoast-seo-wordpress\/ -->\n<title>Koncert Ch\u00f3ru Cantate Deo - Jeste\u015bmy \u015al\u0105skiem<\/title>\n<meta name=\"robots\" content=\"index, follow, max-snippet:-1, max-image-preview:large, max-video-preview:-1\" \/>\n<link rel=\"canonical\" href=\"https:\/\/jestesmyslaskiem.pl\/?p=348\" \/>\n<meta property=\"og:locale\" content=\"pl_PL\" \/>\n<meta property=\"og:type\" content=\"article\" \/>\n<meta property=\"og:title\" content=\"Koncert Ch\u00f3ru Cantate Deo - Jeste\u015bmy \u015al\u0105skiem\" \/>\n<meta property=\"og:description\" content=\"Zapraszamy na niezwyk\u0142y koncert kol\u0119dowy w Cielmicach! \ud83c\udfb6 Stowarzyszenie Jeste\u015bmy \u015al\u0105skiem serdecznie zaprasza na koncert kol\u0119d w wykonaniu ch\u00f3ru Cantate Deo, kt\u00f3ry odb\u0119dzie si\u0119 w niedziel\u0119, 12 stycznia o godzinie 17:00 w ko\u015bciele pw. Narodzenia \u015bw. Jana Chrzciciela w Cielmicach (Targiela 145, Tychy). To wyj\u0105tkowa okazja, by wsp\u00f3lnie zanurzy\u0107 si\u0119 w atmosferze \u015bwi\u0105t i poczu\u0107...\" \/>\n<meta property=\"og:url\" content=\"https:\/\/jestesmyslaskiem.pl\/?p=348\" \/>\n<meta property=\"og:site_name\" content=\"Jeste\u015bmy \u015al\u0105skiem\" \/>\n<meta property=\"article:publisher\" content=\"https:\/\/www.facebook.com\/profile.php?id=61555359954824\" \/>\n<meta property=\"article:published_time\" content=\"2025-01-07T07:39:23+00:00\" \/>\n<meta property=\"article:modified_time\" content=\"2025-01-07T12:33:05+00:00\" \/>\n<meta property=\"og:image\" content=\"https:\/\/jestesmyslaskiem.pl\/wp-content\/uploads\/2025\/01\/IMG_20250105_160318-scaled.jpg\" \/>\n\t<meta property=\"og:image:width\" content=\"2560\" \/>\n\t<meta property=\"og:image:height\" content=\"1440\" \/>\n\t<meta property=\"og:image:type\" content=\"image\/jpeg\" \/>\n<meta name=\"author\" content=\"marketing\" \/>\n<meta name=\"twitter:card\" content=\"summary_large_image\" \/>\n<meta name=\"twitter:label1\" content=\"Napisane przez\" \/>\n\t<meta name=\"twitter:data1\" content=\"marketing\" \/>\n\t<meta name=\"twitter:label2\" content=\"Szacowany czas czytania\" \/>\n\t<meta name=\"twitter:data2\" content=\"3 minuty\" \/>\n<script type=\"application\/ld+json\" class=\"yoast-schema-graph\">{\"@context\":\"https:\\\/\\\/schema.org\",\"@graph\":[{\"@type\":\"Article\",\"@id\":\"https:\\\/\\\/jestesmyslaskiem.pl\\\/?p=348#article\",\"isPartOf\":{\"@id\":\"https:\\\/\\\/jestesmyslaskiem.pl\\\/?p=348\"},\"author\":{\"name\":\"marketing\",\"@id\":\"https:\\\/\\\/jestesmyslaskiem.pl\\\/#\\\/schema\\\/person\\\/8079ae1f3149229ae016591ad0b12ab0\"},\"headline\":\"Koncert Ch\u00f3ru Cantate Deo\",\"datePublished\":\"2025-01-07T07:39:23+00:00\",\"dateModified\":\"2025-01-07T12:33:05+00:00\",\"mainEntityOfPage\":{\"@id\":\"https:\\\/\\\/jestesmyslaskiem.pl\\\/?p=348\"},\"wordCount\":446,\"publisher\":{\"@id\":\"https:\\\/\\\/jestesmyslaskiem.pl\\\/#organization\"},\"image\":{\"@id\":\"https:\\\/\\\/jestesmyslaskiem.pl\\\/?p=348#primaryimage\"},\"thumbnailUrl\":\"https:\\\/\\\/jestesmyslaskiem.pl\\\/wp-content\\\/uploads\\\/2025\\\/01\\\/IMG_20250105_160318-scaled.jpg\",\"articleSection\":[\"Kultura\",\"Wydarzenia\"],\"inLanguage\":\"pl-PL\"},{\"@type\":\"WebPage\",\"@id\":\"https:\\\/\\\/jestesmyslaskiem.pl\\\/?p=348\",\"url\":\"https:\\\/\\\/jestesmyslaskiem.pl\\\/?p=348\",\"name\":\"Koncert Ch\u00f3ru Cantate Deo - Jeste\u015bmy \u015al\u0105skiem\",\"isPartOf\":{\"@id\":\"https:\\\/\\\/jestesmyslaskiem.pl\\\/#website\"},\"primaryImageOfPage\":{\"@id\":\"https:\\\/\\\/jestesmyslaskiem.pl\\\/?p=348#primaryimage\"},\"image\":{\"@id\":\"https:\\\/\\\/jestesmyslaskiem.pl\\\/?p=348#primaryimage\"},\"thumbnailUrl\":\"https:\\\/\\\/jestesmyslaskiem.pl\\\/wp-content\\\/uploads\\\/2025\\\/01\\\/IMG_20250105_160318-scaled.jpg\",\"datePublished\":\"2025-01-07T07:39:23+00:00\",\"dateModified\":\"2025-01-07T12:33:05+00:00\",\"breadcrumb\":{\"@id\":\"https:\\\/\\\/jestesmyslaskiem.pl\\\/?p=348#breadcrumb\"},\"inLanguage\":\"pl-PL\",\"potentialAction\":[{\"@type\":\"ReadAction\",\"target\":[\"https:\\\/\\\/jestesmyslaskiem.pl\\\/?p=348\"]}]},{\"@type\":\"ImageObject\",\"inLanguage\":\"pl-PL\",\"@id\":\"https:\\\/\\\/jestesmyslaskiem.pl\\\/?p=348#primaryimage\",\"url\":\"https:\\\/\\\/jestesmyslaskiem.pl\\\/wp-content\\\/uploads\\\/2025\\\/01\\\/IMG_20250105_160318-scaled.jpg\",\"contentUrl\":\"https:\\\/\\\/jestesmyslaskiem.pl\\\/wp-content\\\/uploads\\\/2025\\\/01\\\/IMG_20250105_160318-scaled.jpg\",\"width\":2560,\"height\":1440,\"caption\":\"Koncert kol\u0119dowy Ch\u00f3r Cantate Deo\"},{\"@type\":\"BreadcrumbList\",\"@id\":\"https:\\\/\\\/jestesmyslaskiem.pl\\\/?p=348#breadcrumb\",\"itemListElement\":[{\"@type\":\"ListItem\",\"position\":1,\"name\":\"Home\",\"item\":\"https:\\\/\\\/jestesmyslaskiem.pl\\\/\"},{\"@type\":\"ListItem\",\"position\":2,\"name\":\"Koncert Ch\u00f3ru Cantate Deo\"}]},{\"@type\":\"WebSite\",\"@id\":\"https:\\\/\\\/jestesmyslaskiem.pl\\\/#website\",\"url\":\"https:\\\/\\\/jestesmyslaskiem.pl\\\/\",\"name\":\"Jeste\u015bmy \u015al\u0105skiem\",\"description\":\"Stowarzyszenie promocji kultury \u015al\u0105skiej\",\"publisher\":{\"@id\":\"https:\\\/\\\/jestesmyslaskiem.pl\\\/#organization\"},\"potentialAction\":[{\"@type\":\"SearchAction\",\"target\":{\"@type\":\"EntryPoint\",\"urlTemplate\":\"https:\\\/\\\/jestesmyslaskiem.pl\\\/?s={search_term_string}\"},\"query-input\":{\"@type\":\"PropertyValueSpecification\",\"valueRequired\":true,\"valueName\":\"search_term_string\"}}],\"inLanguage\":\"pl-PL\"},{\"@type\":\"Organization\",\"@id\":\"https:\\\/\\\/jestesmyslaskiem.pl\\\/#organization\",\"name\":\"Jeste\u015bmy \u015al\u0105skiem\",\"alternateName\":\"Stowarzyszenie Jeste\u015bmy \u015al\u0105skiem\",\"url\":\"https:\\\/\\\/jestesmyslaskiem.pl\\\/\",\"logo\":{\"@type\":\"ImageObject\",\"inLanguage\":\"pl-PL\",\"@id\":\"https:\\\/\\\/jestesmyslaskiem.pl\\\/#\\\/schema\\\/logo\\\/image\\\/\",\"url\":\"https:\\\/\\\/jestesmyslaskiem.pl\\\/wp-content\\\/uploads\\\/2024\\\/09\\\/cropped-jestesmy-Slaskiem-2-2.png\",\"contentUrl\":\"https:\\\/\\\/jestesmyslaskiem.pl\\\/wp-content\\\/uploads\\\/2024\\\/09\\\/cropped-jestesmy-Slaskiem-2-2.png\",\"width\":512,\"height\":512,\"caption\":\"Jeste\u015bmy \u015al\u0105skiem\"},\"image\":{\"@id\":\"https:\\\/\\\/jestesmyslaskiem.pl\\\/#\\\/schema\\\/logo\\\/image\\\/\"},\"sameAs\":[\"https:\\\/\\\/www.facebook.com\\\/profile.php?id=61555359954824\",\"https:\\\/\\\/www.instagram.com\\\/jestesmy_slaskiem\\\/\"]},{\"@type\":\"Person\",\"@id\":\"https:\\\/\\\/jestesmyslaskiem.pl\\\/#\\\/schema\\\/person\\\/8079ae1f3149229ae016591ad0b12ab0\",\"name\":\"marketing\",\"image\":{\"@type\":\"ImageObject\",\"inLanguage\":\"pl-PL\",\"@id\":\"https:\\\/\\\/secure.gravatar.com\\\/avatar\\\/2629b9c66ed78d7d6153e1f649b5a8066fc28e27e62879e4b6287067c46caf8e?s=96&d=mm&r=g\",\"url\":\"https:\\\/\\\/secure.gravatar.com\\\/avatar\\\/2629b9c66ed78d7d6153e1f649b5a8066fc28e27e62879e4b6287067c46caf8e?s=96&d=mm&r=g\",\"contentUrl\":\"https:\\\/\\\/secure.gravatar.com\\\/avatar\\\/2629b9c66ed78d7d6153e1f649b5a8066fc28e27e62879e4b6287067c46caf8e?s=96&d=mm&r=g\",\"caption\":\"marketing\"},\"sameAs\":[\"http:\\\/\\\/jestesmyslaskiem.pl\"],\"url\":\"https:\\\/\\\/jestesmyslaskiem.pl\\\/?author=1\"}]}<\/script>\n<!-- \/ Yoast SEO plugin. -->","yoast_head_json":{"title":"Koncert Ch\u00f3ru Cantate Deo - Jeste\u015bmy \u015al\u0105skiem","robots":{"index":"index","follow":"follow","max-snippet":"max-snippet:-1","max-image-preview":"max-image-preview:large","max-video-preview":"max-video-preview:-1"},"canonical":"https:\/\/jestesmyslaskiem.pl\/?p=348","og_locale":"pl_PL","og_type":"article","og_title":"Koncert Ch\u00f3ru Cantate Deo - Jeste\u015bmy \u015al\u0105skiem","og_description":"Zapraszamy na niezwyk\u0142y koncert kol\u0119dowy w Cielmicach! \ud83c\udfb6 Stowarzyszenie Jeste\u015bmy \u015al\u0105skiem serdecznie zaprasza na koncert kol\u0119d w wykonaniu ch\u00f3ru Cantate Deo, kt\u00f3ry odb\u0119dzie si\u0119 w niedziel\u0119, 12 stycznia o godzinie 17:00 w ko\u015bciele pw. Narodzenia \u015bw. Jana Chrzciciela w Cielmicach (Targiela 145, Tychy). To wyj\u0105tkowa okazja, by wsp\u00f3lnie zanurzy\u0107 si\u0119 w atmosferze \u015bwi\u0105t i poczu\u0107...","og_url":"https:\/\/jestesmyslaskiem.pl\/?p=348","og_site_name":"Jeste\u015bmy \u015al\u0105skiem","article_publisher":"https:\/\/www.facebook.com\/profile.php?id=61555359954824","article_published_time":"2025-01-07T07:39:23+00:00","article_modified_time":"2025-01-07T12:33:05+00:00","og_image":[{"width":2560,"height":1440,"url":"https:\/\/jestesmyslaskiem.pl\/wp-content\/uploads\/2025\/01\/IMG_20250105_160318-scaled.jpg","type":"image\/jpeg"}],"author":"marketing","twitter_card":"summary_large_image","twitter_misc":{"Napisane przez":"marketing","Szacowany czas czytania":"3 minuty"},"schema":{"@context":"https:\/\/schema.org","@graph":[{"@type":"Article","@id":"https:\/\/jestesmyslaskiem.pl\/?p=348#article","isPartOf":{"@id":"https:\/\/jestesmyslaskiem.pl\/?p=348"},"author":{"name":"marketing","@id":"https:\/\/jestesmyslaskiem.pl\/#\/schema\/person\/8079ae1f3149229ae016591ad0b12ab0"},"headline":"Koncert Ch\u00f3ru Cantate Deo","datePublished":"2025-01-07T07:39:23+00:00","dateModified":"2025-01-07T12:33:05+00:00","mainEntityOfPage":{"@id":"https:\/\/jestesmyslaskiem.pl\/?p=348"},"wordCount":446,"publisher":{"@id":"https:\/\/jestesmyslaskiem.pl\/#organization"},"image":{"@id":"https:\/\/jestesmyslaskiem.pl\/?p=348#primaryimage"},"thumbnailUrl":"https:\/\/jestesmyslaskiem.pl\/wp-content\/uploads\/2025\/01\/IMG_20250105_160318-scaled.jpg","articleSection":["Kultura","Wydarzenia"],"inLanguage":"pl-PL"},{"@type":"WebPage","@id":"https:\/\/jestesmyslaskiem.pl\/?p=348","url":"https:\/\/jestesmyslaskiem.pl\/?p=348","name":"Koncert Ch\u00f3ru Cantate Deo - Jeste\u015bmy \u015al\u0105skiem","isPartOf":{"@id":"https:\/\/jestesmyslaskiem.pl\/#website"},"primaryImageOfPage":{"@id":"https:\/\/jestesmyslaskiem.pl\/?p=348#primaryimage"},"image":{"@id":"https:\/\/jestesmyslaskiem.pl\/?p=348#primaryimage"},"thumbnailUrl":"https:\/\/jestesmyslaskiem.pl\/wp-content\/uploads\/2025\/01\/IMG_20250105_160318-scaled.jpg","datePublished":"2025-01-07T07:39:23+00:00","dateModified":"2025-01-07T12:33:05+00:00","breadcrumb":{"@id":"https:\/\/jestesmyslaskiem.pl\/?p=348#breadcrumb"},"inLanguage":"pl-PL","potentialAction":[{"@type":"ReadAction","target":["https:\/\/jestesmyslaskiem.pl\/?p=348"]}]},{"@type":"ImageObject","inLanguage":"pl-PL","@id":"https:\/\/jestesmyslaskiem.pl\/?p=348#primaryimage","url":"https:\/\/jestesmyslaskiem.pl\/wp-content\/uploads\/2025\/01\/IMG_20250105_160318-scaled.jpg","contentUrl":"https:\/\/jestesmyslaskiem.pl\/wp-content\/uploads\/2025\/01\/IMG_20250105_160318-scaled.jpg","width":2560,"height":1440,"caption":"Koncert kol\u0119dowy Ch\u00f3r Cantate Deo"},{"@type":"BreadcrumbList","@id":"https:\/\/jestesmyslaskiem.pl\/?p=348#breadcrumb","itemListElement":[{"@type":"ListItem","position":1,"name":"Home","item":"https:\/\/jestesmyslaskiem.pl\/"},{"@type":"ListItem","position":2,"name":"Koncert Ch\u00f3ru Cantate Deo"}]},{"@type":"WebSite","@id":"https:\/\/jestesmyslaskiem.pl\/#website","url":"https:\/\/jestesmyslaskiem.pl\/","name":"Jeste\u015bmy \u015al\u0105skiem","description":"Stowarzyszenie promocji kultury \u015al\u0105skiej","publisher":{"@id":"https:\/\/jestesmyslaskiem.pl\/#organization"},"potentialAction":[{"@type":"SearchAction","target":{"@type":"EntryPoint","urlTemplate":"https:\/\/jestesmyslaskiem.pl\/?s={search_term_string}"},"query-input":{"@type":"PropertyValueSpecification","valueRequired":true,"valueName":"search_term_string"}}],"inLanguage":"pl-PL"},{"@type":"Organization","@id":"https:\/\/jestesmyslaskiem.pl\/#organization","name":"Jeste\u015bmy \u015al\u0105skiem","alternateName":"Stowarzyszenie Jeste\u015bmy \u015al\u0105skiem","url":"https:\/\/jestesmyslaskiem.pl\/","logo":{"@type":"ImageObject","inLanguage":"pl-PL","@id":"https:\/\/jestesmyslaskiem.pl\/#\/schema\/logo\/image\/","url":"https:\/\/jestesmyslaskiem.pl\/wp-content\/uploads\/2024\/09\/cropped-jestesmy-Slaskiem-2-2.png","contentUrl":"https:\/\/jestesmyslaskiem.pl\/wp-content\/uploads\/2024\/09\/cropped-jestesmy-Slaskiem-2-2.png","width":512,"height":512,"caption":"Jeste\u015bmy \u015al\u0105skiem"},"image":{"@id":"https:\/\/jestesmyslaskiem.pl\/#\/schema\/logo\/image\/"},"sameAs":["https:\/\/www.facebook.com\/profile.php?id=61555359954824","https:\/\/www.instagram.com\/jestesmy_slaskiem\/"]},{"@type":"Person","@id":"https:\/\/jestesmyslaskiem.pl\/#\/schema\/person\/8079ae1f3149229ae016591ad0b12ab0","name":"marketing","image":{"@type":"ImageObject","inLanguage":"pl-PL","@id":"https:\/\/secure.gravatar.com\/avatar\/2629b9c66ed78d7d6153e1f649b5a8066fc28e27e62879e4b6287067c46caf8e?s=96&d=mm&r=g","url":"https:\/\/secure.gravatar.com\/avatar\/2629b9c66ed78d7d6153e1f649b5a8066fc28e27e62879e4b6287067c46caf8e?s=96&d=mm&r=g","contentUrl":"https:\/\/secure.gravatar.com\/avatar\/2629b9c66ed78d7d6153e1f649b5a8066fc28e27e62879e4b6287067c46caf8e?s=96&d=mm&r=g","caption":"marketing"},"sameAs":["http:\/\/jestesmyslaskiem.pl"],"url":"https:\/\/jestesmyslaskiem.pl\/?author=1"}]}},"_links":{"self":[{"href":"https:\/\/jestesmyslaskiem.pl\/index.php?rest_route=\/wp\/v2\/posts\/348","targetHints":{"allow":["GET"]}}],"collection":[{"href":"https:\/\/jestesmyslaskiem.pl\/index.php?rest_route=\/wp\/v2\/posts"}],"about":[{"href":"https:\/\/jestesmyslaskiem.pl\/index.php?rest_route=\/wp\/v2\/types\/post"}],"author":[{"embeddable":true,"href":"https:\/\/jestesmyslaskiem.pl\/index.php?rest_route=\/wp\/v2\/users\/1"}],"replies":[{"embeddable":true,"href":"https:\/\/jestesmyslaskiem.pl\/index.php?rest_route=%2Fwp%2Fv2%2Fcomments&post=348"}],"version-history":[{"count":3,"href":"https:\/\/jestesmyslaskiem.pl\/index.php?rest_route=\/wp\/v2\/posts\/348\/revisions"}],"predecessor-version":[{"id":356,"href":"https:\/\/jestesmyslaskiem.pl\/index.php?rest_route=\/wp\/v2\/posts\/348\/revisions\/356"}],"wp:featuredmedia":[{"embeddable":true,"href":"https:\/\/jestesmyslaskiem.pl\/index.php?rest_route=\/wp\/v2\/media\/350"}],"wp:attachment":[{"href":"https:\/\/jestesmyslaskiem.pl\/index.php?rest_route=%2Fwp%2Fv2%2Fmedia&parent=348"}],"wp:term":[{"taxonomy":"category","embeddable":true,"href":"https:\/\/jestesmyslaskiem.pl\/index.php?rest_route=%2Fwp%2Fv2%2Fcategories&post=348"},{"taxonomy":"post_tag","embeddable":true,"href":"https:\/\/jestesmyslaskiem.pl\/index.php?rest_route=%2Fwp%2Fv2%2Ftags&post=348"}],"curies":[{"name":"wp","href":"https:\/\/api.w.org\/{rel}","templated":true}]}}