{"id":341,"date":"2024-10-10T21:31:45","date_gmt":"2024-10-10T19:31:45","guid":{"rendered":"https:\/\/jestesmyslaskiem.pl\/?p=341"},"modified":"2025-01-07T08:15:41","modified_gmt":"2025-01-07T07:15:41","slug":"piechty-bez-cielmice-zrzutka-na-wydanie-ksiazki","status":"publish","type":"post","link":"https:\/\/jestesmyslaskiem.pl\/?p=341","title":{"rendered":"Piechty bez Cielmice | zrzutka na wydanie ksi\u0105\u017cki"},"content":{"rendered":"\n<p><strong>Jak dziadka Hantulika sw\u0119dzia\u0142a r\u0119ka? Jestem tylko prostym wo\u017anym. Szko\u0142a ma by\u0107 swoja, nasza, cielmicka. A za oknem te moje Cielmice. S\u0142odko-gorzki \u017cywot Konrada. Per\u0142y z hasioka. O pi\u0142karzach Ogrodnika. Polski Kr\u00f3l z Cielmic&#8230;<\/strong><\/p>\n\n\n\n<p>to tylko wybrane rozdzia\u0142y ksi\u0105\u017cki Grzegorza Sztolera<\/p>\n\n\n\n<hr class=\"wp-block-separator has-alpha-channel-opacity\"\/>\n\n\n\n<p>Szanowni Pa\u0144stwo,<\/p>\n\n\n\n<p>zwracamy si\u0119 z uprzejm\u0105 pro\u015bb\u0105 o wsparcie inicjatywy druku publikacji zwi\u0105zanej z najstarsz\u0105,&nbsp;bo licz\u0105c\u0105 ponad 650 lat, dzielnic\u0105 Tych\u00f3w:&nbsp;\u201e<strong><em>Piechty bez Cielmice. Klachy,&nbsp;rozprowki i kalendarium\u201d.<\/em><\/strong><\/p>\n\n\n\n<p>Publikacja ta ma charakter podr\u00f3\u017cy sentymentalnej w formie wspomnie\u0144 mieszka\u0144c\u00f3w na temat bliskiej im historii Cielmic, w tym los\u00f3w cielmickich powsta\u0144c\u00f3w \u015bl\u0105skich, historii szko\u0142y czy klubu sportowego LKS Ogrodnik. Pokazuje te\u017c, jak wygl\u0105da\u0142o \u017cycie w Cielmicach w r\u00f3\u017cnych dekadach XX wieku.&nbsp;<\/p>\n\n\n\n<p>Ca\u0142y proces tworzenia ksi\u0105\u017cki rozpocz\u0105\u0142 si\u0119 4 lata temu dzi\u0119ki inicjatywie kilku os\u00f3b \u2013 w tym w g\u0142\u00f3wnej mierze jednego z za\u0142o\u017cycieli naszego stowarzyszenia &#8211; Pana&nbsp;<strong>Zbigniewa Krzemienia<\/strong>, kt\u00f3re zdawa\u0142y sobie spraw\u0119 z&nbsp;ulotno\u015bci wspomnie\u0144 mieszka\u0144c\u00f3w oraz widzia\u0142y potrzeb\u0119 archiwizowania i zbierania od nich&nbsp;informacji. I to zar\u00f3wno tych informacji, kt\u00f3re pozwalaj\u0105 oceni\u0107 proces zmian historycznych dzielnicy&nbsp;jak r\u00f3wnie\u017c obrazuj\u0105cych \u017cycie spo\u0142eczne wsi. Na t\u0105 potrzeb\u0119 odpowiedzia\u0142o Muzeum Miejskie w Tychach, kt\u00f3re wspar\u0142o t\u0119 inicjatyw\u0119 oraz wsp\u00f3lnie ze spo\u0142ecznikami oraz&nbsp;<strong>Grzegorzem Sztolerem<\/strong>&nbsp;&#8211; kt\u00f3ry wspomnienia mieszka\u0144c\u00f3w spisa\u0142 \u2013 doprowadzi\u0142o do ko\u0144ca proces pozyskiwania historii i fotografii. Ksi\u0105\u017cka zosta\u0142a te\u017c poddana niezb\u0119dnym zabiegom redakcyjnym i korektorskim oraz zosta\u0142a opracowana graficznie. Pozosta\u0142 ostatni etap czyli wydruk ksi\u0105\u017cki.&nbsp;<\/p>\n\n\n\n<p>Wydanie tej publikacji wpisuje si\u0119 tak\u017ce w cele statutowe naszego stowarzyszenia, do kt\u00f3rych mi\u0119dzy innymi nale\u017cy: zachowanie i popularyzacja bogatej kultury \u015bl\u0105skiej, budowanie silnego mostu mi\u0119dzy przesz\u0142o\u015bci\u0105 a przysz\u0142o\u015bci\u0105 \u015al\u0105ska oraz promowanie \u015bl\u0105skiej kultury, historii i j\u0119zyka.<\/p>\n\n\n\n<p>Dlatego te\u017c w imieniu naszego stowarzyszenia oraz w imieniu Muzeum Miejskiego w Tychach zwracamy si\u0119 z uprzejm\u0105 pro\u015bb\u0105 o darowizn\u0119 na rzecz wydania tej publikacji. Pieni\u0105dze mo\u017cna wp\u0142aca\u0107 na konto naszego Stowarzyszenia w PKO Bank Polski 17 1020 2528 0000 0502 0638 7734\u00a0w tytule &#8222;Darowizna na rzecz wydania ksi\u0105\u017cki&#8221;<\/p>\n\n\n\n<p>Po wydaniu tej publikacji przewidujemy zorganizowanie spotkania z autorem w Cielmicach oraz wszystkimi, kt\u00f3rzy przyczynili si\u0119 do jej powstania. Ponadto wszyscy darczy\u0144cy b\u0119d\u0105 wymienieni w publikacji, a firmy b\u0119d\u0105 mogli zamie\u015bci\u0107 r\u00f3wnie\u017c swoje logo. Je\u017celi nie \u017cyczysz sobie wymienienia w publikacji to zaznacz wp\u0142at\u0119 anonimowo.<\/p>\n","protected":false},"excerpt":{"rendered":"<p>Jak dziadka Hantulika sw\u0119dzia\u0142a r\u0119ka? Jestem tylko prostym wo\u017anym. Szko\u0142a ma by\u0107 swoja, nasza, cielmicka. A za oknem te moje Cielmice. S\u0142odko-gorzki \u017cywot Konrada. Per\u0142y z hasioka. O pi\u0142karzach Ogrodnika. Polski Kr\u00f3l z Cielmic&#8230; to tylko wybrane rozdzia\u0142y ksi\u0105\u017cki Grzegorza Sztolera Szanowni Pa\u0144stwo, zwracamy si\u0119 z uprzejm\u0105 pro\u015bb\u0105 o wsparcie inicjatywy druku publikacji zwi\u0105zanej z&#8230;<\/p>\n","protected":false},"author":1,"featured_media":344,"comment_status":"closed","ping_status":"open","sticky":false,"template":"","format":"standard","meta":{"_monsterinsights_skip_tracking":false,"_monsterinsights_sitenote_active":false,"_monsterinsights_sitenote_note":"","_monsterinsights_sitenote_category":0,"_uf_show_specific_survey":0,"_uf_disable_surveys":false,"_kad_post_transparent":"","_kad_post_title":"","_kad_post_layout":"","_kad_post_sidebar_id":"","_kad_post_content_style":"","_kad_post_vertical_padding":"","_kad_post_feature":"","_kad_post_feature_position":"","_kad_post_header":false,"_kad_post_footer":false,"footnotes":""},"categories":[17],"tags":[32,30,31],"class_list":["post-341","post","type-post","status-publish","format-standard","has-post-thumbnail","hentry","category-kultura","tag-cielmice","tag-ksiazki","tag-piechty-bez-cielmice"],"yoast_head":"<!-- This site is optimized with the Yoast SEO plugin v27.5 - https:\/\/yoast.com\/product\/yoast-seo-wordpress\/ -->\n<title>Piechty bez Cielmice | zrzutka na wydanie ksi\u0105\u017cki - Jeste\u015bmy \u015al\u0105skiem<\/title>\n<meta name=\"robots\" content=\"index, follow, max-snippet:-1, max-image-preview:large, max-video-preview:-1\" \/>\n<link rel=\"canonical\" href=\"https:\/\/jestesmyslaskiem.pl\/?p=341\" \/>\n<meta property=\"og:locale\" content=\"pl_PL\" \/>\n<meta property=\"og:type\" content=\"article\" \/>\n<meta property=\"og:title\" content=\"Piechty bez Cielmice | zrzutka na wydanie ksi\u0105\u017cki - Jeste\u015bmy \u015al\u0105skiem\" \/>\n<meta property=\"og:description\" content=\"Jak dziadka Hantulika sw\u0119dzia\u0142a r\u0119ka? Jestem tylko prostym wo\u017anym. Szko\u0142a ma by\u0107 swoja, nasza, cielmicka. A za oknem te moje Cielmice. S\u0142odko-gorzki \u017cywot Konrada. Per\u0142y z hasioka. O pi\u0142karzach Ogrodnika. Polski Kr\u00f3l z Cielmic&#8230; to tylko wybrane rozdzia\u0142y ksi\u0105\u017cki Grzegorza Sztolera Szanowni Pa\u0144stwo, zwracamy si\u0119 z uprzejm\u0105 pro\u015bb\u0105 o wsparcie inicjatywy druku publikacji zwi\u0105zanej z...\" \/>\n<meta property=\"og:url\" content=\"https:\/\/jestesmyslaskiem.pl\/?p=341\" \/>\n<meta property=\"og:site_name\" content=\"Jeste\u015bmy \u015al\u0105skiem\" \/>\n<meta property=\"article:publisher\" content=\"https:\/\/www.facebook.com\/profile.php?id=61555359954824\" \/>\n<meta property=\"article:published_time\" content=\"2024-10-10T19:31:45+00:00\" \/>\n<meta property=\"article:modified_time\" content=\"2025-01-07T07:15:41+00:00\" \/>\n<meta property=\"og:image\" content=\"https:\/\/jestesmyslaskiem.pl\/wp-content\/uploads\/2024\/10\/piechty-bez-cielmice-ksiazka.jpg\" \/>\n\t<meta property=\"og:image:width\" content=\"1772\" \/>\n\t<meta property=\"og:image:height\" content=\"1211\" \/>\n\t<meta property=\"og:image:type\" content=\"image\/jpeg\" \/>\n<meta name=\"author\" content=\"marketing\" \/>\n<meta name=\"twitter:card\" content=\"summary_large_image\" \/>\n<meta name=\"twitter:label1\" content=\"Napisane przez\" \/>\n\t<meta name=\"twitter:data1\" content=\"marketing\" \/>\n\t<meta name=\"twitter:label2\" content=\"Szacowany czas czytania\" \/>\n\t<meta name=\"twitter:data2\" content=\"3 minuty\" \/>\n<script type=\"application\/ld+json\" class=\"yoast-schema-graph\">{\"@context\":\"https:\\\/\\\/schema.org\",\"@graph\":[{\"@type\":\"Article\",\"@id\":\"https:\\\/\\\/jestesmyslaskiem.pl\\\/?p=341#article\",\"isPartOf\":{\"@id\":\"https:\\\/\\\/jestesmyslaskiem.pl\\\/?p=341\"},\"author\":{\"name\":\"marketing\",\"@id\":\"https:\\\/\\\/jestesmyslaskiem.pl\\\/#\\\/schema\\\/person\\\/8079ae1f3149229ae016591ad0b12ab0\"},\"headline\":\"Piechty bez Cielmice | zrzutka na wydanie ksi\u0105\u017cki\",\"datePublished\":\"2024-10-10T19:31:45+00:00\",\"dateModified\":\"2025-01-07T07:15:41+00:00\",\"mainEntityOfPage\":{\"@id\":\"https:\\\/\\\/jestesmyslaskiem.pl\\\/?p=341\"},\"wordCount\":452,\"publisher\":{\"@id\":\"https:\\\/\\\/jestesmyslaskiem.pl\\\/#organization\"},\"image\":{\"@id\":\"https:\\\/\\\/jestesmyslaskiem.pl\\\/?p=341#primaryimage\"},\"thumbnailUrl\":\"https:\\\/\\\/jestesmyslaskiem.pl\\\/wp-content\\\/uploads\\\/2024\\\/10\\\/piechty-bez-cielmice-ksiazka.jpg\",\"keywords\":[\"Cielmice\",\"ksi\u0105\u017cki\",\"piechty bez Cielmice\"],\"articleSection\":[\"Kultura\"],\"inLanguage\":\"pl-PL\"},{\"@type\":\"WebPage\",\"@id\":\"https:\\\/\\\/jestesmyslaskiem.pl\\\/?p=341\",\"url\":\"https:\\\/\\\/jestesmyslaskiem.pl\\\/?p=341\",\"name\":\"Piechty bez Cielmice | zrzutka na wydanie ksi\u0105\u017cki - Jeste\u015bmy \u015al\u0105skiem\",\"isPartOf\":{\"@id\":\"https:\\\/\\\/jestesmyslaskiem.pl\\\/#website\"},\"primaryImageOfPage\":{\"@id\":\"https:\\\/\\\/jestesmyslaskiem.pl\\\/?p=341#primaryimage\"},\"image\":{\"@id\":\"https:\\\/\\\/jestesmyslaskiem.pl\\\/?p=341#primaryimage\"},\"thumbnailUrl\":\"https:\\\/\\\/jestesmyslaskiem.pl\\\/wp-content\\\/uploads\\\/2024\\\/10\\\/piechty-bez-cielmice-ksiazka.jpg\",\"datePublished\":\"2024-10-10T19:31:45+00:00\",\"dateModified\":\"2025-01-07T07:15:41+00:00\",\"breadcrumb\":{\"@id\":\"https:\\\/\\\/jestesmyslaskiem.pl\\\/?p=341#breadcrumb\"},\"inLanguage\":\"pl-PL\",\"potentialAction\":[{\"@type\":\"ReadAction\",\"target\":[\"https:\\\/\\\/jestesmyslaskiem.pl\\\/?p=341\"]}]},{\"@type\":\"ImageObject\",\"inLanguage\":\"pl-PL\",\"@id\":\"https:\\\/\\\/jestesmyslaskiem.pl\\\/?p=341#primaryimage\",\"url\":\"https:\\\/\\\/jestesmyslaskiem.pl\\\/wp-content\\\/uploads\\\/2024\\\/10\\\/piechty-bez-cielmice-ksiazka.jpg\",\"contentUrl\":\"https:\\\/\\\/jestesmyslaskiem.pl\\\/wp-content\\\/uploads\\\/2024\\\/10\\\/piechty-bez-cielmice-ksiazka.jpg\",\"width\":1772,\"height\":1211,\"caption\":\"Piechty bez Cielmice, ksi\u0105\u017cka\"},{\"@type\":\"BreadcrumbList\",\"@id\":\"https:\\\/\\\/jestesmyslaskiem.pl\\\/?p=341#breadcrumb\",\"itemListElement\":[{\"@type\":\"ListItem\",\"position\":1,\"name\":\"Home\",\"item\":\"https:\\\/\\\/jestesmyslaskiem.pl\\\/\"},{\"@type\":\"ListItem\",\"position\":2,\"name\":\"Piechty bez Cielmice | zrzutka na wydanie ksi\u0105\u017cki\"}]},{\"@type\":\"WebSite\",\"@id\":\"https:\\\/\\\/jestesmyslaskiem.pl\\\/#website\",\"url\":\"https:\\\/\\\/jestesmyslaskiem.pl\\\/\",\"name\":\"Jeste\u015bmy \u015al\u0105skiem\",\"description\":\"Stowarzyszenie promocji kultury \u015al\u0105skiej\",\"publisher\":{\"@id\":\"https:\\\/\\\/jestesmyslaskiem.pl\\\/#organization\"},\"potentialAction\":[{\"@type\":\"SearchAction\",\"target\":{\"@type\":\"EntryPoint\",\"urlTemplate\":\"https:\\\/\\\/jestesmyslaskiem.pl\\\/?s={search_term_string}\"},\"query-input\":{\"@type\":\"PropertyValueSpecification\",\"valueRequired\":true,\"valueName\":\"search_term_string\"}}],\"inLanguage\":\"pl-PL\"},{\"@type\":\"Organization\",\"@id\":\"https:\\\/\\\/jestesmyslaskiem.pl\\\/#organization\",\"name\":\"Jeste\u015bmy \u015al\u0105skiem\",\"alternateName\":\"Stowarzyszenie Jeste\u015bmy \u015al\u0105skiem\",\"url\":\"https:\\\/\\\/jestesmyslaskiem.pl\\\/\",\"logo\":{\"@type\":\"ImageObject\",\"inLanguage\":\"pl-PL\",\"@id\":\"https:\\\/\\\/jestesmyslaskiem.pl\\\/#\\\/schema\\\/logo\\\/image\\\/\",\"url\":\"https:\\\/\\\/jestesmyslaskiem.pl\\\/wp-content\\\/uploads\\\/2024\\\/09\\\/cropped-jestesmy-Slaskiem-2-2.png\",\"contentUrl\":\"https:\\\/\\\/jestesmyslaskiem.pl\\\/wp-content\\\/uploads\\\/2024\\\/09\\\/cropped-jestesmy-Slaskiem-2-2.png\",\"width\":512,\"height\":512,\"caption\":\"Jeste\u015bmy \u015al\u0105skiem\"},\"image\":{\"@id\":\"https:\\\/\\\/jestesmyslaskiem.pl\\\/#\\\/schema\\\/logo\\\/image\\\/\"},\"sameAs\":[\"https:\\\/\\\/www.facebook.com\\\/profile.php?id=61555359954824\",\"https:\\\/\\\/www.instagram.com\\\/jestesmy_slaskiem\\\/\"]},{\"@type\":\"Person\",\"@id\":\"https:\\\/\\\/jestesmyslaskiem.pl\\\/#\\\/schema\\\/person\\\/8079ae1f3149229ae016591ad0b12ab0\",\"name\":\"marketing\",\"image\":{\"@type\":\"ImageObject\",\"inLanguage\":\"pl-PL\",\"@id\":\"https:\\\/\\\/secure.gravatar.com\\\/avatar\\\/2629b9c66ed78d7d6153e1f649b5a8066fc28e27e62879e4b6287067c46caf8e?s=96&d=mm&r=g\",\"url\":\"https:\\\/\\\/secure.gravatar.com\\\/avatar\\\/2629b9c66ed78d7d6153e1f649b5a8066fc28e27e62879e4b6287067c46caf8e?s=96&d=mm&r=g\",\"contentUrl\":\"https:\\\/\\\/secure.gravatar.com\\\/avatar\\\/2629b9c66ed78d7d6153e1f649b5a8066fc28e27e62879e4b6287067c46caf8e?s=96&d=mm&r=g\",\"caption\":\"marketing\"},\"sameAs\":[\"http:\\\/\\\/jestesmyslaskiem.pl\"],\"url\":\"https:\\\/\\\/jestesmyslaskiem.pl\\\/?author=1\"}]}<\/script>\n<!-- \/ Yoast SEO plugin. -->","yoast_head_json":{"title":"Piechty bez Cielmice | zrzutka na wydanie ksi\u0105\u017cki - Jeste\u015bmy \u015al\u0105skiem","robots":{"index":"index","follow":"follow","max-snippet":"max-snippet:-1","max-image-preview":"max-image-preview:large","max-video-preview":"max-video-preview:-1"},"canonical":"https:\/\/jestesmyslaskiem.pl\/?p=341","og_locale":"pl_PL","og_type":"article","og_title":"Piechty bez Cielmice | zrzutka na wydanie ksi\u0105\u017cki - Jeste\u015bmy \u015al\u0105skiem","og_description":"Jak dziadka Hantulika sw\u0119dzia\u0142a r\u0119ka? Jestem tylko prostym wo\u017anym. Szko\u0142a ma by\u0107 swoja, nasza, cielmicka. A za oknem te moje Cielmice. S\u0142odko-gorzki \u017cywot Konrada. Per\u0142y z hasioka. O pi\u0142karzach Ogrodnika. Polski Kr\u00f3l z Cielmic&#8230; to tylko wybrane rozdzia\u0142y ksi\u0105\u017cki Grzegorza Sztolera Szanowni Pa\u0144stwo, zwracamy si\u0119 z uprzejm\u0105 pro\u015bb\u0105 o wsparcie inicjatywy druku publikacji zwi\u0105zanej z...","og_url":"https:\/\/jestesmyslaskiem.pl\/?p=341","og_site_name":"Jeste\u015bmy \u015al\u0105skiem","article_publisher":"https:\/\/www.facebook.com\/profile.php?id=61555359954824","article_published_time":"2024-10-10T19:31:45+00:00","article_modified_time":"2025-01-07T07:15:41+00:00","og_image":[{"width":1772,"height":1211,"url":"https:\/\/jestesmyslaskiem.pl\/wp-content\/uploads\/2024\/10\/piechty-bez-cielmice-ksiazka.jpg","type":"image\/jpeg"}],"author":"marketing","twitter_card":"summary_large_image","twitter_misc":{"Napisane przez":"marketing","Szacowany czas czytania":"3 minuty"},"schema":{"@context":"https:\/\/schema.org","@graph":[{"@type":"Article","@id":"https:\/\/jestesmyslaskiem.pl\/?p=341#article","isPartOf":{"@id":"https:\/\/jestesmyslaskiem.pl\/?p=341"},"author":{"name":"marketing","@id":"https:\/\/jestesmyslaskiem.pl\/#\/schema\/person\/8079ae1f3149229ae016591ad0b12ab0"},"headline":"Piechty bez Cielmice | zrzutka na wydanie ksi\u0105\u017cki","datePublished":"2024-10-10T19:31:45+00:00","dateModified":"2025-01-07T07:15:41+00:00","mainEntityOfPage":{"@id":"https:\/\/jestesmyslaskiem.pl\/?p=341"},"wordCount":452,"publisher":{"@id":"https:\/\/jestesmyslaskiem.pl\/#organization"},"image":{"@id":"https:\/\/jestesmyslaskiem.pl\/?p=341#primaryimage"},"thumbnailUrl":"https:\/\/jestesmyslaskiem.pl\/wp-content\/uploads\/2024\/10\/piechty-bez-cielmice-ksiazka.jpg","keywords":["Cielmice","ksi\u0105\u017cki","piechty bez Cielmice"],"articleSection":["Kultura"],"inLanguage":"pl-PL"},{"@type":"WebPage","@id":"https:\/\/jestesmyslaskiem.pl\/?p=341","url":"https:\/\/jestesmyslaskiem.pl\/?p=341","name":"Piechty bez Cielmice | zrzutka na wydanie ksi\u0105\u017cki - Jeste\u015bmy \u015al\u0105skiem","isPartOf":{"@id":"https:\/\/jestesmyslaskiem.pl\/#website"},"primaryImageOfPage":{"@id":"https:\/\/jestesmyslaskiem.pl\/?p=341#primaryimage"},"image":{"@id":"https:\/\/jestesmyslaskiem.pl\/?p=341#primaryimage"},"thumbnailUrl":"https:\/\/jestesmyslaskiem.pl\/wp-content\/uploads\/2024\/10\/piechty-bez-cielmice-ksiazka.jpg","datePublished":"2024-10-10T19:31:45+00:00","dateModified":"2025-01-07T07:15:41+00:00","breadcrumb":{"@id":"https:\/\/jestesmyslaskiem.pl\/?p=341#breadcrumb"},"inLanguage":"pl-PL","potentialAction":[{"@type":"ReadAction","target":["https:\/\/jestesmyslaskiem.pl\/?p=341"]}]},{"@type":"ImageObject","inLanguage":"pl-PL","@id":"https:\/\/jestesmyslaskiem.pl\/?p=341#primaryimage","url":"https:\/\/jestesmyslaskiem.pl\/wp-content\/uploads\/2024\/10\/piechty-bez-cielmice-ksiazka.jpg","contentUrl":"https:\/\/jestesmyslaskiem.pl\/wp-content\/uploads\/2024\/10\/piechty-bez-cielmice-ksiazka.jpg","width":1772,"height":1211,"caption":"Piechty bez Cielmice, ksi\u0105\u017cka"},{"@type":"BreadcrumbList","@id":"https:\/\/jestesmyslaskiem.pl\/?p=341#breadcrumb","itemListElement":[{"@type":"ListItem","position":1,"name":"Home","item":"https:\/\/jestesmyslaskiem.pl\/"},{"@type":"ListItem","position":2,"name":"Piechty bez Cielmice | zrzutka na wydanie ksi\u0105\u017cki"}]},{"@type":"WebSite","@id":"https:\/\/jestesmyslaskiem.pl\/#website","url":"https:\/\/jestesmyslaskiem.pl\/","name":"Jeste\u015bmy \u015al\u0105skiem","description":"Stowarzyszenie promocji kultury \u015al\u0105skiej","publisher":{"@id":"https:\/\/jestesmyslaskiem.pl\/#organization"},"potentialAction":[{"@type":"SearchAction","target":{"@type":"EntryPoint","urlTemplate":"https:\/\/jestesmyslaskiem.pl\/?s={search_term_string}"},"query-input":{"@type":"PropertyValueSpecification","valueRequired":true,"valueName":"search_term_string"}}],"inLanguage":"pl-PL"},{"@type":"Organization","@id":"https:\/\/jestesmyslaskiem.pl\/#organization","name":"Jeste\u015bmy \u015al\u0105skiem","alternateName":"Stowarzyszenie Jeste\u015bmy \u015al\u0105skiem","url":"https:\/\/jestesmyslaskiem.pl\/","logo":{"@type":"ImageObject","inLanguage":"pl-PL","@id":"https:\/\/jestesmyslaskiem.pl\/#\/schema\/logo\/image\/","url":"https:\/\/jestesmyslaskiem.pl\/wp-content\/uploads\/2024\/09\/cropped-jestesmy-Slaskiem-2-2.png","contentUrl":"https:\/\/jestesmyslaskiem.pl\/wp-content\/uploads\/2024\/09\/cropped-jestesmy-Slaskiem-2-2.png","width":512,"height":512,"caption":"Jeste\u015bmy \u015al\u0105skiem"},"image":{"@id":"https:\/\/jestesmyslaskiem.pl\/#\/schema\/logo\/image\/"},"sameAs":["https:\/\/www.facebook.com\/profile.php?id=61555359954824","https:\/\/www.instagram.com\/jestesmy_slaskiem\/"]},{"@type":"Person","@id":"https:\/\/jestesmyslaskiem.pl\/#\/schema\/person\/8079ae1f3149229ae016591ad0b12ab0","name":"marketing","image":{"@type":"ImageObject","inLanguage":"pl-PL","@id":"https:\/\/secure.gravatar.com\/avatar\/2629b9c66ed78d7d6153e1f649b5a8066fc28e27e62879e4b6287067c46caf8e?s=96&d=mm&r=g","url":"https:\/\/secure.gravatar.com\/avatar\/2629b9c66ed78d7d6153e1f649b5a8066fc28e27e62879e4b6287067c46caf8e?s=96&d=mm&r=g","contentUrl":"https:\/\/secure.gravatar.com\/avatar\/2629b9c66ed78d7d6153e1f649b5a8066fc28e27e62879e4b6287067c46caf8e?s=96&d=mm&r=g","caption":"marketing"},"sameAs":["http:\/\/jestesmyslaskiem.pl"],"url":"https:\/\/jestesmyslaskiem.pl\/?author=1"}]}},"_links":{"self":[{"href":"https:\/\/jestesmyslaskiem.pl\/index.php?rest_route=\/wp\/v2\/posts\/341","targetHints":{"allow":["GET"]}}],"collection":[{"href":"https:\/\/jestesmyslaskiem.pl\/index.php?rest_route=\/wp\/v2\/posts"}],"about":[{"href":"https:\/\/jestesmyslaskiem.pl\/index.php?rest_route=\/wp\/v2\/types\/post"}],"author":[{"embeddable":true,"href":"https:\/\/jestesmyslaskiem.pl\/index.php?rest_route=\/wp\/v2\/users\/1"}],"replies":[{"embeddable":true,"href":"https:\/\/jestesmyslaskiem.pl\/index.php?rest_route=%2Fwp%2Fv2%2Fcomments&post=341"}],"version-history":[{"count":2,"href":"https:\/\/jestesmyslaskiem.pl\/index.php?rest_route=\/wp\/v2\/posts\/341\/revisions"}],"predecessor-version":[{"id":347,"href":"https:\/\/jestesmyslaskiem.pl\/index.php?rest_route=\/wp\/v2\/posts\/341\/revisions\/347"}],"wp:featuredmedia":[{"embeddable":true,"href":"https:\/\/jestesmyslaskiem.pl\/index.php?rest_route=\/wp\/v2\/media\/344"}],"wp:attachment":[{"href":"https:\/\/jestesmyslaskiem.pl\/index.php?rest_route=%2Fwp%2Fv2%2Fmedia&parent=341"}],"wp:term":[{"taxonomy":"category","embeddable":true,"href":"https:\/\/jestesmyslaskiem.pl\/index.php?rest_route=%2Fwp%2Fv2%2Fcategories&post=341"},{"taxonomy":"post_tag","embeddable":true,"href":"https:\/\/jestesmyslaskiem.pl\/index.php?rest_route=%2Fwp%2Fv2%2Ftags&post=341"}],"curies":[{"name":"wp","href":"https:\/\/api.w.org\/{rel}","templated":true}]}}