{"id":247,"date":"2024-05-17T22:37:00","date_gmt":"2024-05-17T20:37:00","guid":{"rendered":"https:\/\/jestesmyslaskiem.pl\/?p=247"},"modified":"2024-08-01T22:54:58","modified_gmt":"2024-08-01T20:54:58","slug":"dr-maria-lipok-bierwiaczonek-honorowym-czlonkiem-stowarzyszenia","status":"publish","type":"post","link":"https:\/\/jestesmyslaskiem.pl\/?p=247","title":{"rendered":"Dr Maria Lipok-Bierwiaczonek, honorowym cz\u0142onkiem Stowarzyszenia"},"content":{"rendered":"\n<p>Stowarzyszenie JESTE\u015aMY \u015aL\u0104SKIEM zorganizowa\u0142o w dniu 14 maja 2024 r.\u00a0w szkole w Cielmicach spotkanie, na kt\u00f3rym swoj\u0105\u00a0 prelekcj\u0119 wyg\u0142osi\u0142a Pani dr Maria Lipok-Bierwiaczonek,\u00a0 zas\u0142u\u017cona etnograf, badaczka architektury i krajobrazu G\u00f3rnego \u015al\u0105ska. Prelekcja pod tytu\u0142em: \u201e<strong>G\u00f3rno\u015bl\u0105skie pejza\u017ce. Obrazy zapami\u0119tane i wsp\u00f3\u0142czesno\u015b\u0107<\/strong>\u201d oparta by\u0142a o prezentacj\u0119 zdj\u0119ciow\u0105 i przybli\u017ca\u0142a nam zmiany, kt\u00f3re zasz\u0142y w g\u00f3rno\u015bl\u0105skim krajobrazie kulturowym na prze\u0142omie XX i XXI wieku. By\u0142o o \u015bl\u0105skich\u00a0 p\u0142otach, floksach w ogr\u00f3dkach, ceglano-kamiennych domach, betonie, tujach i kukurydzy.<\/p>\n\n\n\n<p>Dodatkowo w trakcie spotkania zosta\u0142o wr\u0119czone Pani Doktor mianowanie na Honorowego Cz\u0142onka Stowarzyszenia Jeste\u015bmy \u015al\u0105skiem. &nbsp;<\/p>\n\n\n\n<p>By\u0142o sentymentalnie i wzruszaj\u0105co.&nbsp;<\/p>\n\n\n\n<figure class=\"wp-block-gallery has-nested-images columns-default is-cropped wp-block-gallery-1 is-layout-flex wp-block-gallery-is-layout-flex\">\n<figure class=\"wp-block-image size-large\"><img fetchpriority=\"high\" decoding=\"async\" width=\"1024\" height=\"688\" data-id=\"249\" src=\"https:\/\/jestesmyslaskiem.pl\/wp-content\/uploads\/2024\/08\/1000004391-kwiaty-od-organizatorow-1024x688.jpg\" alt=\"\" class=\"wp-image-249\" srcset=\"https:\/\/jestesmyslaskiem.pl\/wp-content\/uploads\/2024\/08\/1000004391-kwiaty-od-organizatorow-1024x688.jpg 1024w, https:\/\/jestesmyslaskiem.pl\/wp-content\/uploads\/2024\/08\/1000004391-kwiaty-od-organizatorow-300x201.jpg 300w, https:\/\/jestesmyslaskiem.pl\/wp-content\/uploads\/2024\/08\/1000004391-kwiaty-od-organizatorow-768x516.jpg 768w, https:\/\/jestesmyslaskiem.pl\/wp-content\/uploads\/2024\/08\/1000004391-kwiaty-od-organizatorow-1536x1032.jpg 1536w, https:\/\/jestesmyslaskiem.pl\/wp-content\/uploads\/2024\/08\/1000004391-kwiaty-od-organizatorow-2048x1375.jpg 2048w\" sizes=\"(max-width: 1024px) 100vw, 1024px\" \/><\/figure>\n\n\n\n<figure class=\"wp-block-image size-large\"><img decoding=\"async\" width=\"836\" height=\"1024\" data-id=\"250\" src=\"https:\/\/jestesmyslaskiem.pl\/wp-content\/uploads\/2024\/08\/1000004398-z-Z.-Krzemieniem-836x1024.jpg\" alt=\"\" class=\"wp-image-250\" srcset=\"https:\/\/jestesmyslaskiem.pl\/wp-content\/uploads\/2024\/08\/1000004398-z-Z.-Krzemieniem-836x1024.jpg 836w, https:\/\/jestesmyslaskiem.pl\/wp-content\/uploads\/2024\/08\/1000004398-z-Z.-Krzemieniem-245x300.jpg 245w, https:\/\/jestesmyslaskiem.pl\/wp-content\/uploads\/2024\/08\/1000004398-z-Z.-Krzemieniem-768x940.jpg 768w, https:\/\/jestesmyslaskiem.pl\/wp-content\/uploads\/2024\/08\/1000004398-z-Z.-Krzemieniem-1254x1536.jpg 1254w, https:\/\/jestesmyslaskiem.pl\/wp-content\/uploads\/2024\/08\/1000004398-z-Z.-Krzemieniem-1672x2048.jpg 1672w\" sizes=\"(max-width: 836px) 100vw, 836px\" \/><\/figure>\n\n\n\n<figure class=\"wp-block-image size-large\"><img decoding=\"async\" width=\"1024\" height=\"566\" data-id=\"251\" src=\"https:\/\/jestesmyslaskiem.pl\/wp-content\/uploads\/2024\/08\/1000004288-zaczynamy-prelekcje-1024x566.jpg\" alt=\"\" class=\"wp-image-251\" srcset=\"https:\/\/jestesmyslaskiem.pl\/wp-content\/uploads\/2024\/08\/1000004288-zaczynamy-prelekcje-1024x566.jpg 1024w, https:\/\/jestesmyslaskiem.pl\/wp-content\/uploads\/2024\/08\/1000004288-zaczynamy-prelekcje-300x166.jpg 300w, https:\/\/jestesmyslaskiem.pl\/wp-content\/uploads\/2024\/08\/1000004288-zaczynamy-prelekcje-768x425.jpg 768w, https:\/\/jestesmyslaskiem.pl\/wp-content\/uploads\/2024\/08\/1000004288-zaczynamy-prelekcje-1536x849.jpg 1536w, https:\/\/jestesmyslaskiem.pl\/wp-content\/uploads\/2024\/08\/1000004288-zaczynamy-prelekcje-2048x1132.jpg 2048w\" sizes=\"(max-width: 1024px) 100vw, 1024px\" \/><\/figure>\n\n\n\n<figure class=\"wp-block-image size-large\"><img loading=\"lazy\" decoding=\"async\" width=\"1024\" height=\"748\" data-id=\"252\" src=\"https:\/\/jestesmyslaskiem.pl\/wp-content\/uploads\/2024\/08\/1000004409-w-Cielmicach-1024x748.jpg\" alt=\"\" class=\"wp-image-252\" srcset=\"https:\/\/jestesmyslaskiem.pl\/wp-content\/uploads\/2024\/08\/1000004409-w-Cielmicach-1024x748.jpg 1024w, https:\/\/jestesmyslaskiem.pl\/wp-content\/uploads\/2024\/08\/1000004409-w-Cielmicach-300x219.jpg 300w, https:\/\/jestesmyslaskiem.pl\/wp-content\/uploads\/2024\/08\/1000004409-w-Cielmicach-768x561.jpg 768w, https:\/\/jestesmyslaskiem.pl\/wp-content\/uploads\/2024\/08\/1000004409-w-Cielmicach-1536x1122.jpg 1536w, https:\/\/jestesmyslaskiem.pl\/wp-content\/uploads\/2024\/08\/1000004409-w-Cielmicach.jpg 1547w\" sizes=\"(max-width: 1024px) 100vw, 1024px\" \/><\/figure>\n<\/figure>\n\n\n\n<p><strong>Dr Maria Lipok \u2013 Bierwiaczonek \u2013 honorowy cz\u0142onek stowarzyszenia Jeste\u015bmy \u015al\u0105skiem.<\/strong>&nbsp;<\/p>\n\n\n\n<p>W szeregach stowarzyszenia Jeste\u015bmy \u015al\u0105skiem obok pana <a href=\"https:\/\/jestesmyslaskiem.pl\/?p=232\">Alojzego Lysko<\/a> mamy drugiego HONOROWEGO cz\u0142onka! Nasze zaproszenie do tego szacownego grona\u00a0 przyj\u0119\u0142a pani dr MARIA Lipok-Bierwiaczonek \u2013 etnograf, dr nauk humanistycznych w zakresie socjologii, muzealnik.\u00a0<\/p>\n\n\n\n<p>Od 1958 roku mieszka w Tychach , wczesne&nbsp; dzieci\u0144stwo sp\u0119dzi\u0142a w Miko\u0142owie.&nbsp; W swojej karierze zawodowej pracowa\u0142a miedzy innymi jako kurator ds. historii i kultury regionu w Muzeum \u015al\u0105skim. Przez wiele lat zabiega\u0142a o utworzenie muzeum w Tychach, kt\u00f3re powsta\u0142o w 2004 roku i w kt\u00f3rym&nbsp; przez 10 lat by\u0142a dyrektorem.&nbsp; W muzeum tym, mi\u0119dzy innymi zorganizowa\u0142a wystaw\u0119 prac&nbsp; artysty plastyka z Cielmic \u2013 Pana Franciszka Hantulika.&nbsp;<\/p>\n\n\n\n<p>Bardzo blisko zwi\u0105zana z kultur\u0105 \u015bl\u0105ska, autorka i wsp\u00f3\u0142autorka wielu ksi\u0105\u017cek i artyku\u0142\u00f3w po\u015bwi\u0119conych dziedzictwu kulturowemu G\u00f3rnego \u015al\u0105ska. Wielokrotnie nagradzana za&nbsp; szerzenie kultury w regionie. Mi\u0119dzy innymi odznaczona w 2016 r. Z\u0142ot\u0105 Odznak\u0105 Honorow\u0105 za zas\u0142ugi dla Wojew\u00f3dztwa \u015al\u0105skiego. Wcze\u015bniej uhonorowana Srebrnym i Z\u0142otym Krzy\u017cem Zas\u0142ugi oraz odznak\u0105 Zas\u0142u\u017cony dla Kultury Polskiej.<strong>&nbsp;<\/strong><\/p>\n\n\n\n<p>Wa\u017cniejsze publikacje pani dr Marii Lipok Bierwiaczonek to:<\/p>\n\n\n\n<ul class=\"wp-block-list\">\n<li>\u201eTychy. Kapliczki i krzy\u017ce przydro\u017cne\u201d. Tychy 1997 i wyd. drugie Tychy 1999.\u00a0<\/li>\n\n\n\n<li>\u201ePrzy \u015bl\u0105skich drogach. Kapliczki i krzy\u017ce przydro\u017cne na G\u00f3rnym \u015al\u0105sku\u201d.\u00a0 Katowice 1998.<\/li>\n\n\n\n<li>\u201e\u015awiat najbli\u017cszy. Szkice antropologiczne o G\u00f3rnym \u015al\u0105sku, tradycji i kulturze\u201d. Tychy 2008.<\/li>\n\n\n\n<li>\u201eA jak Anna. Wczoraj i dzi\u015b pierwszego osiedla \u201eNowych Tych\u00f3w\u201d\u201d\u00a0 Tychy 2009.<\/li>\n\n\n\n<li>\u201eTychy oczywiste i nieoczywiste. Ksi\u0105\u017c\u0119ce \u015blady, dotkni\u0119cie sacrum i nowe miasto\u201d. Tychy 2015.\u00a0<\/li>\n\n\n\n<li>\u201eOd socrealizmu do postmodernizmu. Unikatowe NOWE Tychy\u201d.\u00a0 Tychy 2011,\u00a0 wyd. drugie Tychy 2014.<\/li>\n\n\n\n<li>\u201ePani Kobernicka\u201d.\u00a0 Miko\u0142\u00f3w 2017.<\/li>\n\n\n\n<li>\u201eZ Tyszkiem i Al\u0105 na tyskich \u015bcie\u017ckach\u201d (wsp\u00f3lnie z Agat\u0105 Dawidko), Tychy 2016.<\/li>\n\n\n\n<li>\u201ePolski str\u00f3j ludowy ze \u015bl\u0105skim suplementem\u201d\u00a0 Tychy 2016<\/li>\n<\/ul>\n\n\n\n<p>Wsp\u00f3\u0142autorka dw\u00f3ch monografii Tych\u00f3w (1996 i 2011) oraz monografii Wilamowic (2001), Bierunia (2007), Katowic (2012), tomu Ziemia pszczy\u0144ska (Katowice 2007), dzie\u0142a Historia G\u00f3rnego \u015al\u0105ska (Gliwice 2011).<\/p>\n\n\n\n<p><strong>14 maja w Szkole w Cielmicach \u2013\u00a0 zosta\u0142o wr\u0119czone Pani dr Marii Lipok-Bierwiaczonek\u00a0 mianowanie na\u00a0 Honorowego Cz\u0142onka Stowarzyszenia JESTE\u015aMY \u015aL\u0104SKIEM.\u00a0<\/strong><\/p>\n","protected":false},"excerpt":{"rendered":"<p>Stowarzyszenie JESTE\u015aMY \u015aL\u0104SKIEM zorganizowa\u0142o w dniu 14 maja 2024 r.\u00a0w szkole w Cielmicach spotkanie, na kt\u00f3rym swoj\u0105\u00a0 prelekcj\u0119 wyg\u0142osi\u0142a Pani dr Maria Lipok-Bierwiaczonek,\u00a0 zas\u0142u\u017cona etnograf, badaczka architektury i krajobrazu G\u00f3rnego \u015al\u0105ska. Prelekcja pod tytu\u0142em: \u201eG\u00f3rno\u015bl\u0105skie pejza\u017ce. Obrazy zapami\u0119tane i wsp\u00f3\u0142czesno\u015b\u0107\u201d oparta by\u0142a o prezentacj\u0119 zdj\u0119ciow\u0105 i przybli\u017ca\u0142a nam zmiany, kt\u00f3re zasz\u0142y w g\u00f3rno\u015bl\u0105skim krajobrazie kulturowym&#8230;<\/p>\n","protected":false},"author":1,"featured_media":251,"comment_status":"closed","ping_status":"open","sticky":false,"template":"","format":"standard","meta":{"_monsterinsights_skip_tracking":false,"_monsterinsights_sitenote_active":false,"_monsterinsights_sitenote_note":"","_monsterinsights_sitenote_category":0,"_uf_show_specific_survey":0,"_uf_disable_surveys":false,"_kad_post_transparent":"","_kad_post_title":"","_kad_post_layout":"","_kad_post_sidebar_id":"","_kad_post_content_style":"","_kad_post_vertical_padding":"","_kad_post_feature":"","_kad_post_feature_position":"","_kad_post_header":false,"_kad_post_footer":false,"footnotes":""},"categories":[26,4],"tags":[28],"class_list":["post-247","post","type-post","status-publish","format-standard","has-post-thumbnail","hentry","category-honorowi-czlonkowie","category-wydarzenia","tag-lipok-bierwiaczonek"],"yoast_head":"<!-- This site is optimized with the Yoast SEO plugin v27.5 - https:\/\/yoast.com\/product\/yoast-seo-wordpress\/ -->\n<title>Dr Maria Lipok-Bierwiaczonek, honorowym cz\u0142onkiem Stowarzyszenia - Jeste\u015bmy \u015al\u0105skiem<\/title>\n<meta name=\"description\" content=\"14 maja w Szkole w Cielmicach \u2013 zosta\u0142o wr\u0119czone Pani dr Marii Lipok-Bierwiaczonek mianowanie na Honorowego Cz\u0142onka Stowarzyszenia JESTE\u015aMY \u015aL\u0104SKIEM.\" \/>\n<meta name=\"robots\" content=\"index, follow, max-snippet:-1, max-image-preview:large, max-video-preview:-1\" \/>\n<link rel=\"canonical\" href=\"https:\/\/jestesmyslaskiem.pl\/?p=247\" \/>\n<meta property=\"og:locale\" content=\"pl_PL\" \/>\n<meta property=\"og:type\" content=\"article\" \/>\n<meta property=\"og:title\" content=\"Dr Maria Lipok-Bierwiaczonek, honorowym cz\u0142onkiem Stowarzyszenia - Jeste\u015bmy \u015al\u0105skiem\" \/>\n<meta property=\"og:description\" content=\"14 maja w Szkole w Cielmicach \u2013 zosta\u0142o wr\u0119czone Pani dr Marii Lipok-Bierwiaczonek mianowanie na Honorowego Cz\u0142onka Stowarzyszenia JESTE\u015aMY \u015aL\u0104SKIEM.\" \/>\n<meta property=\"og:url\" content=\"https:\/\/jestesmyslaskiem.pl\/?p=247\" \/>\n<meta property=\"og:site_name\" content=\"Jeste\u015bmy \u015al\u0105skiem\" \/>\n<meta property=\"article:publisher\" content=\"https:\/\/www.facebook.com\/profile.php?id=61555359954824\" \/>\n<meta property=\"article:published_time\" content=\"2024-05-17T20:37:00+00:00\" \/>\n<meta property=\"article:modified_time\" content=\"2024-08-01T20:54:58+00:00\" \/>\n<meta property=\"og:image\" content=\"https:\/\/jestesmyslaskiem.pl\/wp-content\/uploads\/2024\/08\/1000004288-zaczynamy-prelekcje-scaled.jpg\" \/>\n\t<meta property=\"og:image:width\" content=\"2560\" \/>\n\t<meta property=\"og:image:height\" content=\"1415\" \/>\n\t<meta property=\"og:image:type\" content=\"image\/jpeg\" \/>\n<meta name=\"author\" content=\"marketing\" \/>\n<meta name=\"twitter:card\" content=\"summary_large_image\" \/>\n<meta name=\"twitter:label1\" content=\"Napisane przez\" \/>\n\t<meta name=\"twitter:data1\" content=\"marketing\" \/>\n\t<meta name=\"twitter:label2\" content=\"Szacowany czas czytania\" \/>\n\t<meta name=\"twitter:data2\" content=\"4 minuty\" \/>\n<script type=\"application\/ld+json\" class=\"yoast-schema-graph\">{\"@context\":\"https:\\\/\\\/schema.org\",\"@graph\":[{\"@type\":\"Article\",\"@id\":\"https:\\\/\\\/jestesmyslaskiem.pl\\\/?p=247#article\",\"isPartOf\":{\"@id\":\"https:\\\/\\\/jestesmyslaskiem.pl\\\/?p=247\"},\"author\":{\"name\":\"marketing\",\"@id\":\"https:\\\/\\\/jestesmyslaskiem.pl\\\/#\\\/schema\\\/person\\\/8079ae1f3149229ae016591ad0b12ab0\"},\"headline\":\"Dr Maria Lipok-Bierwiaczonek, honorowym cz\u0142onkiem Stowarzyszenia\",\"datePublished\":\"2024-05-17T20:37:00+00:00\",\"dateModified\":\"2024-08-01T20:54:58+00:00\",\"mainEntityOfPage\":{\"@id\":\"https:\\\/\\\/jestesmyslaskiem.pl\\\/?p=247\"},\"wordCount\":506,\"publisher\":{\"@id\":\"https:\\\/\\\/jestesmyslaskiem.pl\\\/#organization\"},\"image\":{\"@id\":\"https:\\\/\\\/jestesmyslaskiem.pl\\\/?p=247#primaryimage\"},\"thumbnailUrl\":\"https:\\\/\\\/jestesmyslaskiem.pl\\\/wp-content\\\/uploads\\\/2024\\\/08\\\/1000004288-zaczynamy-prelekcje-scaled.jpg\",\"keywords\":[\"Lipok-Bierwiaczonek\"],\"articleSection\":[\"Honorowi Cz\u0142onkowie\",\"Wydarzenia\"],\"inLanguage\":\"pl-PL\"},{\"@type\":\"WebPage\",\"@id\":\"https:\\\/\\\/jestesmyslaskiem.pl\\\/?p=247\",\"url\":\"https:\\\/\\\/jestesmyslaskiem.pl\\\/?p=247\",\"name\":\"Dr Maria Lipok-Bierwiaczonek, honorowym cz\u0142onkiem Stowarzyszenia - Jeste\u015bmy \u015al\u0105skiem\",\"isPartOf\":{\"@id\":\"https:\\\/\\\/jestesmyslaskiem.pl\\\/#website\"},\"primaryImageOfPage\":{\"@id\":\"https:\\\/\\\/jestesmyslaskiem.pl\\\/?p=247#primaryimage\"},\"image\":{\"@id\":\"https:\\\/\\\/jestesmyslaskiem.pl\\\/?p=247#primaryimage\"},\"thumbnailUrl\":\"https:\\\/\\\/jestesmyslaskiem.pl\\\/wp-content\\\/uploads\\\/2024\\\/08\\\/1000004288-zaczynamy-prelekcje-scaled.jpg\",\"datePublished\":\"2024-05-17T20:37:00+00:00\",\"dateModified\":\"2024-08-01T20:54:58+00:00\",\"description\":\"14 maja w Szkole w Cielmicach \u2013 zosta\u0142o wr\u0119czone Pani dr Marii Lipok-Bierwiaczonek mianowanie na Honorowego Cz\u0142onka Stowarzyszenia JESTE\u015aMY \u015aL\u0104SKIEM.\",\"breadcrumb\":{\"@id\":\"https:\\\/\\\/jestesmyslaskiem.pl\\\/?p=247#breadcrumb\"},\"inLanguage\":\"pl-PL\",\"potentialAction\":[{\"@type\":\"ReadAction\",\"target\":[\"https:\\\/\\\/jestesmyslaskiem.pl\\\/?p=247\"]}]},{\"@type\":\"ImageObject\",\"inLanguage\":\"pl-PL\",\"@id\":\"https:\\\/\\\/jestesmyslaskiem.pl\\\/?p=247#primaryimage\",\"url\":\"https:\\\/\\\/jestesmyslaskiem.pl\\\/wp-content\\\/uploads\\\/2024\\\/08\\\/1000004288-zaczynamy-prelekcje-scaled.jpg\",\"contentUrl\":\"https:\\\/\\\/jestesmyslaskiem.pl\\\/wp-content\\\/uploads\\\/2024\\\/08\\\/1000004288-zaczynamy-prelekcje-scaled.jpg\",\"width\":2560,\"height\":1415,\"caption\":\"14 maja w Szkole w Cielmicach \u2013 zosta\u0142o wr\u0119czone Pani dr Marii Lipok- Bierwiaczonek mianowanie na Honorowego Cz\u0142onka Stowarzyszenia JESTE\u015aMY \u015aL\u0104SKIEM.\"},{\"@type\":\"BreadcrumbList\",\"@id\":\"https:\\\/\\\/jestesmyslaskiem.pl\\\/?p=247#breadcrumb\",\"itemListElement\":[{\"@type\":\"ListItem\",\"position\":1,\"name\":\"Home\",\"item\":\"https:\\\/\\\/jestesmyslaskiem.pl\\\/\"},{\"@type\":\"ListItem\",\"position\":2,\"name\":\"Dr Maria Lipok-Bierwiaczonek, honorowym cz\u0142onkiem Stowarzyszenia\"}]},{\"@type\":\"WebSite\",\"@id\":\"https:\\\/\\\/jestesmyslaskiem.pl\\\/#website\",\"url\":\"https:\\\/\\\/jestesmyslaskiem.pl\\\/\",\"name\":\"Jeste\u015bmy \u015al\u0105skiem\",\"description\":\"Stowarzyszenie promocji kultury \u015al\u0105skiej\",\"publisher\":{\"@id\":\"https:\\\/\\\/jestesmyslaskiem.pl\\\/#organization\"},\"potentialAction\":[{\"@type\":\"SearchAction\",\"target\":{\"@type\":\"EntryPoint\",\"urlTemplate\":\"https:\\\/\\\/jestesmyslaskiem.pl\\\/?s={search_term_string}\"},\"query-input\":{\"@type\":\"PropertyValueSpecification\",\"valueRequired\":true,\"valueName\":\"search_term_string\"}}],\"inLanguage\":\"pl-PL\"},{\"@type\":\"Organization\",\"@id\":\"https:\\\/\\\/jestesmyslaskiem.pl\\\/#organization\",\"name\":\"Jeste\u015bmy \u015al\u0105skiem\",\"alternateName\":\"Stowarzyszenie Jeste\u015bmy \u015al\u0105skiem\",\"url\":\"https:\\\/\\\/jestesmyslaskiem.pl\\\/\",\"logo\":{\"@type\":\"ImageObject\",\"inLanguage\":\"pl-PL\",\"@id\":\"https:\\\/\\\/jestesmyslaskiem.pl\\\/#\\\/schema\\\/logo\\\/image\\\/\",\"url\":\"https:\\\/\\\/jestesmyslaskiem.pl\\\/wp-content\\\/uploads\\\/2024\\\/09\\\/cropped-jestesmy-Slaskiem-2-2.png\",\"contentUrl\":\"https:\\\/\\\/jestesmyslaskiem.pl\\\/wp-content\\\/uploads\\\/2024\\\/09\\\/cropped-jestesmy-Slaskiem-2-2.png\",\"width\":512,\"height\":512,\"caption\":\"Jeste\u015bmy \u015al\u0105skiem\"},\"image\":{\"@id\":\"https:\\\/\\\/jestesmyslaskiem.pl\\\/#\\\/schema\\\/logo\\\/image\\\/\"},\"sameAs\":[\"https:\\\/\\\/www.facebook.com\\\/profile.php?id=61555359954824\",\"https:\\\/\\\/www.instagram.com\\\/jestesmy_slaskiem\\\/\"]},{\"@type\":\"Person\",\"@id\":\"https:\\\/\\\/jestesmyslaskiem.pl\\\/#\\\/schema\\\/person\\\/8079ae1f3149229ae016591ad0b12ab0\",\"name\":\"marketing\",\"image\":{\"@type\":\"ImageObject\",\"inLanguage\":\"pl-PL\",\"@id\":\"https:\\\/\\\/secure.gravatar.com\\\/avatar\\\/2629b9c66ed78d7d6153e1f649b5a8066fc28e27e62879e4b6287067c46caf8e?s=96&d=mm&r=g\",\"url\":\"https:\\\/\\\/secure.gravatar.com\\\/avatar\\\/2629b9c66ed78d7d6153e1f649b5a8066fc28e27e62879e4b6287067c46caf8e?s=96&d=mm&r=g\",\"contentUrl\":\"https:\\\/\\\/secure.gravatar.com\\\/avatar\\\/2629b9c66ed78d7d6153e1f649b5a8066fc28e27e62879e4b6287067c46caf8e?s=96&d=mm&r=g\",\"caption\":\"marketing\"},\"sameAs\":[\"http:\\\/\\\/jestesmyslaskiem.pl\"],\"url\":\"https:\\\/\\\/jestesmyslaskiem.pl\\\/?author=1\"}]}<\/script>\n<!-- \/ Yoast SEO plugin. -->","yoast_head_json":{"title":"Dr Maria Lipok-Bierwiaczonek, honorowym cz\u0142onkiem Stowarzyszenia - Jeste\u015bmy \u015al\u0105skiem","description":"14 maja w Szkole w Cielmicach \u2013 zosta\u0142o wr\u0119czone Pani dr Marii Lipok-Bierwiaczonek mianowanie na Honorowego Cz\u0142onka Stowarzyszenia JESTE\u015aMY \u015aL\u0104SKIEM.","robots":{"index":"index","follow":"follow","max-snippet":"max-snippet:-1","max-image-preview":"max-image-preview:large","max-video-preview":"max-video-preview:-1"},"canonical":"https:\/\/jestesmyslaskiem.pl\/?p=247","og_locale":"pl_PL","og_type":"article","og_title":"Dr Maria Lipok-Bierwiaczonek, honorowym cz\u0142onkiem Stowarzyszenia - Jeste\u015bmy \u015al\u0105skiem","og_description":"14 maja w Szkole w Cielmicach \u2013 zosta\u0142o wr\u0119czone Pani dr Marii Lipok-Bierwiaczonek mianowanie na Honorowego Cz\u0142onka Stowarzyszenia JESTE\u015aMY \u015aL\u0104SKIEM.","og_url":"https:\/\/jestesmyslaskiem.pl\/?p=247","og_site_name":"Jeste\u015bmy \u015al\u0105skiem","article_publisher":"https:\/\/www.facebook.com\/profile.php?id=61555359954824","article_published_time":"2024-05-17T20:37:00+00:00","article_modified_time":"2024-08-01T20:54:58+00:00","og_image":[{"width":2560,"height":1415,"url":"https:\/\/jestesmyslaskiem.pl\/wp-content\/uploads\/2024\/08\/1000004288-zaczynamy-prelekcje-scaled.jpg","type":"image\/jpeg"}],"author":"marketing","twitter_card":"summary_large_image","twitter_misc":{"Napisane przez":"marketing","Szacowany czas czytania":"4 minuty"},"schema":{"@context":"https:\/\/schema.org","@graph":[{"@type":"Article","@id":"https:\/\/jestesmyslaskiem.pl\/?p=247#article","isPartOf":{"@id":"https:\/\/jestesmyslaskiem.pl\/?p=247"},"author":{"name":"marketing","@id":"https:\/\/jestesmyslaskiem.pl\/#\/schema\/person\/8079ae1f3149229ae016591ad0b12ab0"},"headline":"Dr Maria Lipok-Bierwiaczonek, honorowym cz\u0142onkiem Stowarzyszenia","datePublished":"2024-05-17T20:37:00+00:00","dateModified":"2024-08-01T20:54:58+00:00","mainEntityOfPage":{"@id":"https:\/\/jestesmyslaskiem.pl\/?p=247"},"wordCount":506,"publisher":{"@id":"https:\/\/jestesmyslaskiem.pl\/#organization"},"image":{"@id":"https:\/\/jestesmyslaskiem.pl\/?p=247#primaryimage"},"thumbnailUrl":"https:\/\/jestesmyslaskiem.pl\/wp-content\/uploads\/2024\/08\/1000004288-zaczynamy-prelekcje-scaled.jpg","keywords":["Lipok-Bierwiaczonek"],"articleSection":["Honorowi Cz\u0142onkowie","Wydarzenia"],"inLanguage":"pl-PL"},{"@type":"WebPage","@id":"https:\/\/jestesmyslaskiem.pl\/?p=247","url":"https:\/\/jestesmyslaskiem.pl\/?p=247","name":"Dr Maria Lipok-Bierwiaczonek, honorowym cz\u0142onkiem Stowarzyszenia - Jeste\u015bmy \u015al\u0105skiem","isPartOf":{"@id":"https:\/\/jestesmyslaskiem.pl\/#website"},"primaryImageOfPage":{"@id":"https:\/\/jestesmyslaskiem.pl\/?p=247#primaryimage"},"image":{"@id":"https:\/\/jestesmyslaskiem.pl\/?p=247#primaryimage"},"thumbnailUrl":"https:\/\/jestesmyslaskiem.pl\/wp-content\/uploads\/2024\/08\/1000004288-zaczynamy-prelekcje-scaled.jpg","datePublished":"2024-05-17T20:37:00+00:00","dateModified":"2024-08-01T20:54:58+00:00","description":"14 maja w Szkole w Cielmicach \u2013 zosta\u0142o wr\u0119czone Pani dr Marii Lipok-Bierwiaczonek mianowanie na Honorowego Cz\u0142onka Stowarzyszenia JESTE\u015aMY \u015aL\u0104SKIEM.","breadcrumb":{"@id":"https:\/\/jestesmyslaskiem.pl\/?p=247#breadcrumb"},"inLanguage":"pl-PL","potentialAction":[{"@type":"ReadAction","target":["https:\/\/jestesmyslaskiem.pl\/?p=247"]}]},{"@type":"ImageObject","inLanguage":"pl-PL","@id":"https:\/\/jestesmyslaskiem.pl\/?p=247#primaryimage","url":"https:\/\/jestesmyslaskiem.pl\/wp-content\/uploads\/2024\/08\/1000004288-zaczynamy-prelekcje-scaled.jpg","contentUrl":"https:\/\/jestesmyslaskiem.pl\/wp-content\/uploads\/2024\/08\/1000004288-zaczynamy-prelekcje-scaled.jpg","width":2560,"height":1415,"caption":"14 maja w Szkole w Cielmicach \u2013 zosta\u0142o wr\u0119czone Pani dr Marii Lipok- Bierwiaczonek mianowanie na Honorowego Cz\u0142onka Stowarzyszenia JESTE\u015aMY \u015aL\u0104SKIEM."},{"@type":"BreadcrumbList","@id":"https:\/\/jestesmyslaskiem.pl\/?p=247#breadcrumb","itemListElement":[{"@type":"ListItem","position":1,"name":"Home","item":"https:\/\/jestesmyslaskiem.pl\/"},{"@type":"ListItem","position":2,"name":"Dr Maria Lipok-Bierwiaczonek, honorowym cz\u0142onkiem Stowarzyszenia"}]},{"@type":"WebSite","@id":"https:\/\/jestesmyslaskiem.pl\/#website","url":"https:\/\/jestesmyslaskiem.pl\/","name":"Jeste\u015bmy \u015al\u0105skiem","description":"Stowarzyszenie promocji kultury \u015al\u0105skiej","publisher":{"@id":"https:\/\/jestesmyslaskiem.pl\/#organization"},"potentialAction":[{"@type":"SearchAction","target":{"@type":"EntryPoint","urlTemplate":"https:\/\/jestesmyslaskiem.pl\/?s={search_term_string}"},"query-input":{"@type":"PropertyValueSpecification","valueRequired":true,"valueName":"search_term_string"}}],"inLanguage":"pl-PL"},{"@type":"Organization","@id":"https:\/\/jestesmyslaskiem.pl\/#organization","name":"Jeste\u015bmy \u015al\u0105skiem","alternateName":"Stowarzyszenie Jeste\u015bmy \u015al\u0105skiem","url":"https:\/\/jestesmyslaskiem.pl\/","logo":{"@type":"ImageObject","inLanguage":"pl-PL","@id":"https:\/\/jestesmyslaskiem.pl\/#\/schema\/logo\/image\/","url":"https:\/\/jestesmyslaskiem.pl\/wp-content\/uploads\/2024\/09\/cropped-jestesmy-Slaskiem-2-2.png","contentUrl":"https:\/\/jestesmyslaskiem.pl\/wp-content\/uploads\/2024\/09\/cropped-jestesmy-Slaskiem-2-2.png","width":512,"height":512,"caption":"Jeste\u015bmy \u015al\u0105skiem"},"image":{"@id":"https:\/\/jestesmyslaskiem.pl\/#\/schema\/logo\/image\/"},"sameAs":["https:\/\/www.facebook.com\/profile.php?id=61555359954824","https:\/\/www.instagram.com\/jestesmy_slaskiem\/"]},{"@type":"Person","@id":"https:\/\/jestesmyslaskiem.pl\/#\/schema\/person\/8079ae1f3149229ae016591ad0b12ab0","name":"marketing","image":{"@type":"ImageObject","inLanguage":"pl-PL","@id":"https:\/\/secure.gravatar.com\/avatar\/2629b9c66ed78d7d6153e1f649b5a8066fc28e27e62879e4b6287067c46caf8e?s=96&d=mm&r=g","url":"https:\/\/secure.gravatar.com\/avatar\/2629b9c66ed78d7d6153e1f649b5a8066fc28e27e62879e4b6287067c46caf8e?s=96&d=mm&r=g","contentUrl":"https:\/\/secure.gravatar.com\/avatar\/2629b9c66ed78d7d6153e1f649b5a8066fc28e27e62879e4b6287067c46caf8e?s=96&d=mm&r=g","caption":"marketing"},"sameAs":["http:\/\/jestesmyslaskiem.pl"],"url":"https:\/\/jestesmyslaskiem.pl\/?author=1"}]}},"_links":{"self":[{"href":"https:\/\/jestesmyslaskiem.pl\/index.php?rest_route=\/wp\/v2\/posts\/247","targetHints":{"allow":["GET"]}}],"collection":[{"href":"https:\/\/jestesmyslaskiem.pl\/index.php?rest_route=\/wp\/v2\/posts"}],"about":[{"href":"https:\/\/jestesmyslaskiem.pl\/index.php?rest_route=\/wp\/v2\/types\/post"}],"author":[{"embeddable":true,"href":"https:\/\/jestesmyslaskiem.pl\/index.php?rest_route=\/wp\/v2\/users\/1"}],"replies":[{"embeddable":true,"href":"https:\/\/jestesmyslaskiem.pl\/index.php?rest_route=%2Fwp%2Fv2%2Fcomments&post=247"}],"version-history":[{"count":1,"href":"https:\/\/jestesmyslaskiem.pl\/index.php?rest_route=\/wp\/v2\/posts\/247\/revisions"}],"predecessor-version":[{"id":253,"href":"https:\/\/jestesmyslaskiem.pl\/index.php?rest_route=\/wp\/v2\/posts\/247\/revisions\/253"}],"wp:featuredmedia":[{"embeddable":true,"href":"https:\/\/jestesmyslaskiem.pl\/index.php?rest_route=\/wp\/v2\/media\/251"}],"wp:attachment":[{"href":"https:\/\/jestesmyslaskiem.pl\/index.php?rest_route=%2Fwp%2Fv2%2Fmedia&parent=247"}],"wp:term":[{"taxonomy":"category","embeddable":true,"href":"https:\/\/jestesmyslaskiem.pl\/index.php?rest_route=%2Fwp%2Fv2%2Fcategories&post=247"},{"taxonomy":"post_tag","embeddable":true,"href":"https:\/\/jestesmyslaskiem.pl\/index.php?rest_route=%2Fwp%2Fv2%2Ftags&post=247"}],"curies":[{"name":"wp","href":"https:\/\/api.w.org\/{rel}","templated":true}]}}